{"id":1017,"date":"2023-05-30T12:58:56","date_gmt":"2023-05-30T10:58:56","guid":{"rendered":"https:\/\/www.uso-koeln.de\/?p=1017"},"modified":"2023-06-08T12:34:14","modified_gmt":"2023-06-08T10:34:14","slug":"route-1-koeln-hamburg","status":"publish","type":"post","link":"https:\/\/www.uso-koeln.de\/?p=1017","title":{"rendered":"Route 1 K\u00f6ln &#8211; Hamburg"},"content":{"rendered":"\n<iframe src=\"https:\/\/www.google.com\/maps\/embed?pb=!1m28!1m12!1m3!1d2500699.414631529!2d6.200282228114608!3d52.25992391583381!2m3!1f0!2f0!3f0!3m2!1i1024!2i768!4f13.1!4m13!3e0!4m5!1s0x47bf28972510d1a9%3A0xc098198b174b5dbe!2sKatterbacher%20Weg%201%2C%20D-51061%20K%C3%B6ln%2C%20Deutschland!3m2!1d50.9801632!2d7.039019499999999!4m5!1s0x47b1860be3b32611%3A0x2047dda65fb3411d!2sKieler%20Stra%C3%9Fe%20374%2C%20Hamburg!3m2!1d53.590012099999996!2d9.9311217!5e0!3m2!1sde!2sde!4v1685444262840!5m2!1sde!2sde\" width=\"100%\" height=\"450\" style=\"border:0;\" allowfullscreen=\"\" loading=\"lazy\" referrerpolicy=\"no-referrer-when-downgrade\"><\/iframe>\n\n\n\n<p>Geplant ist, nachdem wir das Wohnmobil am Vortag abgeholt haben, es zu beladen und ein wenig mit dem Gef\u00e4hrt und der Einrichtung vertraut zu machen.<br>Was muss alles mitgenommen werden? Passen alle Fahrr\u00e4der auf den Tr\u00e4ger? Sollen wir noch ein weiteres Zelt mitnehmen, damit die M\u00e4dels auch mal drau\u00dfen schlafen k\u00f6nnen?<\/p>\n\n\n\n<p>Fr\u00fch morgens m\u00f6chten wir dann Richtung Hamburg starten. Das ist, zusammen mit der letzten Etappe nach Hause, die zweitl\u00e4ngste Tour mit 416 km. Diese wollen wir aber entspannt angehen und &#8222;den Weg zum Ziel&#8220; erkl\u00e4ren.<\/p>\n\n\n\n<p>In Hamburg werden wir es uns auf einem Wohnmobil Stellplatz das erste Mal einrichten. Hier haben wir nur noch mit Gl\u00fcck einen Platz auf dem <a href=\"https:\/\/camping-buchholz.de\/\" target=\"_blank\" rel=\"noreferrer noopener\">Campingplatz Buchholz<\/a> bekommen, da am n\u00e4chsten Morgen der Hamburg Halbmarathon stattfindet. Das m\u00fcssen wir bei der Fahrt zum <strong>Mehr! Theater am Gro\u00dfmarkt<\/strong> ber\u00fccksichtigen.<\/p>\n\n\n\n<p>Nach dem St\u00fcck geht es dann Richtung D\u00e4nemark. Vorher noch einmal schauen, ob in Deutschland oder D\u00e4nemark der Diesel g\u00fcnstiger ist.<\/p>\n\n\n\n<div class=\"wp-block-columns is-layout-flex wp-container-core-columns-is-layout-9d6595d7 wp-block-columns-is-layout-flex\">\n<div class=\"wp-block-column is-layout-flow wp-block-column-is-layout-flow\"><\/div>\n\n\n\n<div class=\"wp-block-column is-layout-flow wp-block-column-is-layout-flow\"><\/div>\n<\/div>\n\n\n\n<p><\/p>\n","protected":false},"excerpt":{"rendered":"<p>Geplant ist, nachdem wir das Wohnmobil am Vortag abgeholt haben, es zu beladen und ein wenig mit dem Gef\u00e4hrt und der Einrichtung vertraut zu machen.Was muss alles mitgenommen werden? Passen alle Fahrr\u00e4der auf den Tr\u00e4ger? Sollen wir noch ein weiteres Zelt mitnehmen, damit die M\u00e4dels auch mal drau\u00dfen schlafen k\u00f6nnen? Fr\u00fch morgens m\u00f6chten wir dann Richtung Hamburg starten. Das ist, zusammen mit der letzten Etappe nach Hause, die zweitl\u00e4ngste Tour mit 416 km. Diese wollen wir aber entspannt angehen und &#8222;den Weg zum Ziel&#8220; erkl\u00e4ren. In Hamburg werden wir es uns auf einem Wohnmobil Stellplatz das erste Mal einrichten. Hier haben wir nur noch mit Gl\u00fcck einen Platz auf dem Campingplatz Buchholz bekommen, da am n\u00e4chsten Morgen der Hamburg Halbmarathon stattfindet. Das m\u00fcssen wir bei der Fahrt zum Mehr! Theater am Gro\u00dfmarkt ber\u00fccksichtigen. Nach dem St\u00fcck geht es dann Richtung D\u00e4nemark. Vorher noch einmal schauen, ob in Deutschland oder D\u00e4nemark der Diesel g\u00fcnstiger ist.<\/p>\n","protected":false},"author":1,"featured_media":1096,"comment_status":"closed","ping_status":"closed","sticky":false,"template":"","format":"standard","meta":{"footnotes":""},"categories":[32,10,15,11],"tags":[],"class_list":["post-1017","post","type-post","status-publish","format-standard","has-post-thumbnail","hentry","category-daenemark-2023","category-reisen","category-route","category-vorbereitung"],"_links":{"self":[{"href":"https:\/\/www.uso-koeln.de\/index.php?rest_route=\/wp\/v2\/posts\/1017","targetHints":{"allow":["GET"]}}],"collection":[{"href":"https:\/\/www.uso-koeln.de\/index.php?rest_route=\/wp\/v2\/posts"}],"about":[{"href":"https:\/\/www.uso-koeln.de\/index.php?rest_route=\/wp\/v2\/types\/post"}],"author":[{"embeddable":true,"href":"https:\/\/www.uso-koeln.de\/index.php?rest_route=\/wp\/v2\/users\/1"}],"replies":[{"embeddable":true,"href":"https:\/\/www.uso-koeln.de\/index.php?rest_route=%2Fwp%2Fv2%2Fcomments&post=1017"}],"version-history":[{"count":11,"href":"https:\/\/www.uso-koeln.de\/index.php?rest_route=\/wp\/v2\/posts\/1017\/revisions"}],"predecessor-version":[{"id":1123,"href":"https:\/\/www.uso-koeln.de\/index.php?rest_route=\/wp\/v2\/posts\/1017\/revisions\/1123"}],"wp:featuredmedia":[{"embeddable":true,"href":"https:\/\/www.uso-koeln.de\/index.php?rest_route=\/wp\/v2\/media\/1096"}],"wp:attachment":[{"href":"https:\/\/www.uso-koeln.de\/index.php?rest_route=%2Fwp%2Fv2%2Fmedia&parent=1017"}],"wp:term":[{"taxonomy":"category","embeddable":true,"href":"https:\/\/www.uso-koeln.de\/index.php?rest_route=%2Fwp%2Fv2%2Fcategories&post=1017"},{"taxonomy":"post_tag","embeddable":true,"href":"https:\/\/www.uso-koeln.de\/index.php?rest_route=%2Fwp%2Fv2%2Ftags&post=1017"}],"curies":[{"name":"wp","href":"https:\/\/api.w.org\/{rel}","templated":true}]}}